{"id":15259,"date":"2018-02-28T08:06:46","date_gmt":"2018-02-28T05:06:46","guid":{"rendered":"https:\/\/www.alkev.k12.tr\/de\/?p=15259"},"modified":"2018-02-28T08:08:46","modified_gmt":"2018-02-28T05:08:46","slug":"didacta-2018","status":"publish","type":"post","link":"https:\/\/www.alkev.k12.tr\/de\/news\/didacta-2018\/","title":{"rendered":"didacta Hannover 2018"},"content":{"rendered":"<p><a href=\"https:\/\/www.alkev.k12.tr\/img\/2018\/02\/28058887_1555172351267900_1303571538808203118_n.jpg\"><img loading=\"lazy\" decoding=\"async\" class=\" wp-image-15256 alignleft\" src=\"https:\/\/www.alkev.k12.tr\/img\/2018\/02\/28058887_1555172351267900_1303571538808203118_n.jpg\" alt=\"\" width=\"372\" height=\"333\" srcset=\"https:\/\/www.alkev.k12.tr\/img\/2018\/02\/28058887_1555172351267900_1303571538808203118_n.jpg 670w, https:\/\/www.alkev.k12.tr\/img\/2018\/02\/28058887_1555172351267900_1303571538808203118_n-251x225.jpg 251w\" sizes=\"auto, (max-width: 372px) 100vw, 372px\" \/><\/a>Die ALKEV-Schule Istanbul war vom 20.-24. Februar 2018 auf der didacta 2018 in Hannover, an der Seite der Deutschen Schule Istanbul am Gemeinschaftsstand der ZFA vertreten.<br \/>\nDie didacta ist weltweit die gr\u00f6\u00dfte Messe f\u00fcr Bildung und Erziehung. Neben zahlreichen Fortbildungsveranstaltungen und Workshops erhalten P\u00e4dagogen aus aller Welt die M\u00f6glichkeit, sich detailliert zu informieren und \u00fcber neue Trends auszutauschen. Tagelang geht alles darum, wie man Sch\u00fcler jederzeit f\u00f6rdert, um ihnen die besten Voraussetzungen mit auf den Weg zu geben.<br \/>\nDie ALKEV-Schule konnte hier auch die M\u00f6glichkeit nutzen, Gespr\u00e4che mit qualifizierten Lehrkr\u00e4ften und Erziehern zu f\u00fchren, die Interesse an einer Lehrt\u00e4tigkeit in Istanbul haben.<\/p>\n","protected":false},"excerpt":{"rendered":"<p>Die ALKEV-Schule Istanbul war vom 20.-24. Februar 2018 auf der didacta 2018 in Hannover, an der Seite der Deutschen Schule Istanbul am Gemeinschaftsstand der ZFA vertreten. Die didacta ist weltweit die gr\u00f6\u00dfte Messe f\u00fcr Bildung und Erziehung. Neben zahlreichen Fortbildungsveranstaltungen und Workshops erhalten P\u00e4dagogen aus aller Welt die M\u00f6glichkeit, sich detailliert zu informieren und \u00fcber [&hellip;]<\/p>\n","protected":false},"author":2,"featured_media":15256,"comment_status":"closed","ping_status":"closed","sticky":false,"template":"","format":"standard","meta":{"_acf_changed":false,"footnotes":"","_links_to":"","_links_to_target":""},"categories":[62],"tags":[],"class_list":["post-15259","post","type-post","status-publish","format-standard","has-post-thumbnail","hentry","category-news"],"acf":[],"_links":{"self":[{"href":"https:\/\/www.alkev.k12.tr\/de\/wp-json\/wp\/v2\/posts\/15259","targetHints":{"allow":["GET"]}}],"collection":[{"href":"https:\/\/www.alkev.k12.tr\/de\/wp-json\/wp\/v2\/posts"}],"about":[{"href":"https:\/\/www.alkev.k12.tr\/de\/wp-json\/wp\/v2\/types\/post"}],"author":[{"embeddable":true,"href":"https:\/\/www.alkev.k12.tr\/de\/wp-json\/wp\/v2\/users\/2"}],"replies":[{"embeddable":true,"href":"https:\/\/www.alkev.k12.tr\/de\/wp-json\/wp\/v2\/comments?post=15259"}],"version-history":[{"count":0,"href":"https:\/\/www.alkev.k12.tr\/de\/wp-json\/wp\/v2\/posts\/15259\/revisions"}],"wp:featuredmedia":[{"embeddable":true,"href":"https:\/\/www.alkev.k12.tr\/de\/wp-json\/wp\/v2\/media\/15256"}],"wp:attachment":[{"href":"https:\/\/www.alkev.k12.tr\/de\/wp-json\/wp\/v2\/media?parent=15259"}],"wp:term":[{"taxonomy":"category","embeddable":true,"href":"https:\/\/www.alkev.k12.tr\/de\/wp-json\/wp\/v2\/categories?post=15259"},{"taxonomy":"post_tag","embeddable":true,"href":"https:\/\/www.alkev.k12.tr\/de\/wp-json\/wp\/v2\/tags?post=15259"}],"curies":[{"name":"wp","href":"https:\/\/api.w.org\/{rel}","templated":true}]}}