{"id":65032,"date":"2025-03-05T09:57:08","date_gmt":"2025-03-05T06:57:08","guid":{"rendered":"https:\/\/www.alkev.k12.tr\/news\/5-siniflar-ile-minticity-mart-2025\/"},"modified":"2025-03-05T09:58:19","modified_gmt":"2025-03-05T06:58:19","slug":"minticity-in-der-mittelschule-2025","status":"publish","type":"post","link":"https:\/\/www.alkev.k12.tr\/de\/news\/minticity-in-der-mittelschule-2025\/","title":{"rendered":"Minticity in der Mittelschule 2025"},"content":{"rendered":"<p>An unserer Schule wehte der Minticity-Wind und die Aufregung erreichte ihren H\u00f6hepunkt! Es war eine gro\u00dfe Ehre f\u00fcr uns, Teil dieses gro\u00dfartigen Wettbewerbs f\u00fcr unsere 5. Klassen zu sein. Den Maskottchen Minti auf der B\u00fchne zu sehen, war ein unvergesslicher Moment f\u00fcr unsere Sch\u00fcler*innen. Wir danken Minticity von Herzen f\u00fcr dieses wunderbare Erlebnis!<\/p>\n<p><a href=\"https:\/\/www.instagram.com\/reel\/DGzu48Gi6Er\/?utm_source=ig_web_copy_link&amp;igsh=MzRlODBiNWFlZA==\"><em><strong>Minticity Video<\/strong><\/em><\/a><\/p>\n\n\t\t<style type=\"text\/css\">\n\t\t\t#gallery-1 {\n\t\t\t\tmargin: auto;\n\t\t\t}\n\t\t\t#gallery-1 .gallery-item {\n\t\t\t\tfloat: left;\n\t\t\t\tmargin-top: 10px;\n\t\t\t\ttext-align: center;\n\t\t\t\twidth: 33%;\n\t\t\t}\n\t\t\t#gallery-1 img {\n\t\t\t\tborder: 2px solid #cfcfcf;\n\t\t\t}\n\t\t\t#gallery-1 .gallery-caption {\n\t\t\t\tmargin-left: 0;\n\t\t\t}\n\t\t\t\/* see gallery_shortcode() in wp-includes\/media.php *\/\n\t\t<\/style>\n\t\t<div id='gallery-1' class='gallery galleryid-65032 gallery-columns-3 gallery-size-thumbnail'><dl class='gallery-item'>\n\t\t\t<dt class='gallery-icon portrait'>\n\t\t\t\t<a rel=\"prettyPhoto[pp_gal]\" href='https:\/\/www.alkev.k12.tr\/img\/2025\/03\/1.jpeg'><img loading=\"lazy\" decoding=\"async\" width=\"300\" height=\"200\" src=\"https:\/\/www.alkev.k12.tr\/img\/2025\/03\/1-300x200.jpeg\" class=\"attachment-thumbnail size-thumbnail\" alt=\"\" \/><\/a>\n\t\t\t<\/dt><\/dl><dl class='gallery-item'>\n\t\t\t<dt class='gallery-icon portrait'>\n\t\t\t\t<a rel=\"prettyPhoto[pp_gal]\" href='https:\/\/www.alkev.k12.tr\/img\/2025\/03\/IMG_3573.jpg'><img loading=\"lazy\" decoding=\"async\" width=\"300\" height=\"200\" src=\"https:\/\/www.alkev.k12.tr\/img\/2025\/03\/IMG_3573-300x200.jpg\" class=\"attachment-thumbnail size-thumbnail\" alt=\"\" \/><\/a>\n\t\t\t<\/dt><\/dl><dl class='gallery-item'>\n\t\t\t<dt class='gallery-icon portrait'>\n\t\t\t\t<a rel=\"prettyPhoto[pp_gal]\" href='https:\/\/www.alkev.k12.tr\/img\/2025\/03\/IMG_3602.jpg'><img loading=\"lazy\" decoding=\"async\" width=\"300\" height=\"200\" src=\"https:\/\/www.alkev.k12.tr\/img\/2025\/03\/IMG_3602-300x200.jpg\" class=\"attachment-thumbnail size-thumbnail\" alt=\"\" \/><\/a>\n\t\t\t<\/dt><\/dl><br style=\"clear: both\" \/><dl class='gallery-item'>\n\t\t\t<dt class='gallery-icon portrait'>\n\t\t\t\t<a rel=\"prettyPhoto[pp_gal]\" href='https:\/\/www.alkev.k12.tr\/img\/2025\/03\/IMG_3606.jpg'><img loading=\"lazy\" decoding=\"async\" width=\"300\" height=\"200\" src=\"https:\/\/www.alkev.k12.tr\/img\/2025\/03\/IMG_3606-300x200.jpg\" class=\"attachment-thumbnail size-thumbnail\" alt=\"\" \/><\/a>\n\t\t\t<\/dt><\/dl><dl class='gallery-item'>\n\t\t\t<dt class='gallery-icon portrait'>\n\t\t\t\t<a rel=\"prettyPhoto[pp_gal]\" href='https:\/\/www.alkev.k12.tr\/img\/2025\/03\/WhatsApp-Image-2025-03-03-at-09.58.36-1.jpeg'><img loading=\"lazy\" decoding=\"async\" width=\"300\" height=\"200\" src=\"https:\/\/www.alkev.k12.tr\/img\/2025\/03\/WhatsApp-Image-2025-03-03-at-09.58.36-1-300x200.jpeg\" class=\"attachment-thumbnail size-thumbnail\" alt=\"\" \/><\/a>\n\t\t\t<\/dt><\/dl>\n\t\t\t<br style='clear: both' \/>\n\t\t<\/div>\n\n","protected":false},"excerpt":{"rendered":"<p>An unserer Schule wehte der Minticity-Wind und die Aufregung erreichte ihren H\u00f6hepunkt! Es war eine gro\u00dfe Ehre f\u00fcr uns, Teil dieses gro\u00dfartigen Wettbewerbs f\u00fcr unsere 5. Klassen zu sein. Den Maskottchen Minti auf der B\u00fchne zu sehen, war ein unvergesslicher Moment f\u00fcr unsere Sch\u00fcler*innen. Wir danken Minticity von Herzen f\u00fcr dieses wunderbare Erlebnis! Minticity Video<\/p>\n","protected":false},"author":2,"featured_media":65019,"comment_status":"closed","ping_status":"closed","sticky":false,"template":"","format":"standard","meta":{"_acf_changed":false,"footnotes":"","_links_to":"","_links_to_target":""},"categories":[62],"tags":[],"class_list":["post-65032","post","type-post","status-publish","format-standard","has-post-thumbnail","hentry","category-news"],"acf":[],"_links":{"self":[{"href":"https:\/\/www.alkev.k12.tr\/de\/wp-json\/wp\/v2\/posts\/65032","targetHints":{"allow":["GET"]}}],"collection":[{"href":"https:\/\/www.alkev.k12.tr\/de\/wp-json\/wp\/v2\/posts"}],"about":[{"href":"https:\/\/www.alkev.k12.tr\/de\/wp-json\/wp\/v2\/types\/post"}],"author":[{"embeddable":true,"href":"https:\/\/www.alkev.k12.tr\/de\/wp-json\/wp\/v2\/users\/2"}],"replies":[{"embeddable":true,"href":"https:\/\/www.alkev.k12.tr\/de\/wp-json\/wp\/v2\/comments?post=65032"}],"version-history":[{"count":0,"href":"https:\/\/www.alkev.k12.tr\/de\/wp-json\/wp\/v2\/posts\/65032\/revisions"}],"wp:featuredmedia":[{"embeddable":true,"href":"https:\/\/www.alkev.k12.tr\/de\/wp-json\/wp\/v2\/media\/65019"}],"wp:attachment":[{"href":"https:\/\/www.alkev.k12.tr\/de\/wp-json\/wp\/v2\/media?parent=65032"}],"wp:term":[{"taxonomy":"category","embeddable":true,"href":"https:\/\/www.alkev.k12.tr\/de\/wp-json\/wp\/v2\/categories?post=65032"},{"taxonomy":"post_tag","embeddable":true,"href":"https:\/\/www.alkev.k12.tr\/de\/wp-json\/wp\/v2\/tags?post=65032"}],"curies":[{"name":"wp","href":"https:\/\/api.w.org\/{rel}","templated":true}]}}