{"id":66291,"date":"2025-03-26T14:49:04","date_gmt":"2025-03-26T11:49:04","guid":{"rendered":"https:\/\/www.alkev.k12.tr\/news\/5-siniflar-ile-kitap-defilesi-mart-2025\/"},"modified":"2025-03-26T14:51:20","modified_gmt":"2025-03-26T11:51:20","slug":"buecher-modenschau-2025","status":"publish","type":"post","link":"https:\/\/www.alkev.k12.tr\/de\/news\/buecher-modenschau-2025\/","title":{"rendered":"B\u00fccher-Modenschau 2025"},"content":{"rendered":"<p>B\u00fccher sind wie magische Schl\u00fcssel \u2013 sie nehmen uns mit an Orte, die wir noch nie gesehen haben. Mal geht es auf einen fernen Planeten, mal in einen geheimnisvollen Wald oder mitten hinein in ein spannendes Abenteuer mit mutigen Heldinnen und Helden.<\/p>\n<p>Anl\u00e4sslich der 61. Bibliothekswoche haben unsere F\u00fcnftkl\u00e4ssler am Mittwoch, den 26. M\u00e4rz, an einer ganz besonderen B\u00fccher-Modenschau teilgenommen. Dabei pr\u00e4sentierten sie ihre Lieblingsb\u00fccher \u2013 Geschichten, die sie zum Lachen, Staunen und Mitf\u00fchlen gebracht haben.<\/p>\n<p>Es war ein Tag, an dem Worte zum Leben erwachten, die Fantasie Fl\u00fcgel bekam und die Freude an B\u00fcchern im Mittelpunkt stand.<\/p>\n<p>Wir w\u00fcnschen allen eine inspirierende und lesefreudige 61. Bibliothekswoche!<\/p>\n<p><a href=\"https:\/\/www.instagram.com\/reel\/DHqVJp0it_G\/?utm_source=ig_web_copy_link&amp;igsh=MzRlODBiNWFlZA==\" target=\"_blank\" rel=\"noopener\"><em><strong>B\u00fccher-Modenschau Video<\/strong><\/em><\/a><\/p>\n<p><img loading=\"lazy\" decoding=\"async\" class=\" wp-image-66288 aligncenter\" src=\"https:\/\/www.alkev.k12.tr\/img\/2025\/03\/IMG_9279.png\" alt=\"\" width=\"617\" height=\"411\" srcset=\"https:\/\/www.alkev.k12.tr\/img\/2025\/03\/IMG_9279.png 1200w, https:\/\/www.alkev.k12.tr\/img\/2025\/03\/IMG_9279-338x225.png 338w, https:\/\/www.alkev.k12.tr\/img\/2025\/03\/IMG_9279-300x200.png 300w, https:\/\/www.alkev.k12.tr\/img\/2025\/03\/IMG_9279-768x512.png 768w, https:\/\/www.alkev.k12.tr\/img\/2025\/03\/IMG_9279-1536x1024.png 1536w, https:\/\/www.alkev.k12.tr\/img\/2025\/03\/IMG_9279-2048x1365.png 2048w\" sizes=\"auto, (max-width: 617px) 100vw, 617px\" \/><\/p>\n","protected":false},"excerpt":{"rendered":"<p>B\u00fccher sind wie magische Schl\u00fcssel \u2013 sie nehmen uns mit an Orte, die wir noch nie gesehen haben. Mal geht es auf einen fernen Planeten, mal in einen geheimnisvollen Wald oder mitten hinein in ein spannendes Abenteuer mit mutigen Heldinnen und Helden. Anl\u00e4sslich der 61. Bibliothekswoche haben unsere F\u00fcnftkl\u00e4ssler am Mittwoch, den 26. M\u00e4rz, an [&hellip;]<\/p>\n","protected":false},"author":2,"featured_media":66294,"comment_status":"closed","ping_status":"closed","sticky":false,"template":"","format":"standard","meta":{"_acf_changed":false,"footnotes":"","_links_to":"","_links_to_target":""},"categories":[62,94],"tags":[],"class_list":["post-66291","post","type-post","status-publish","format-standard","has-post-thumbnail","hentry","category-news","category-ortaokul-proje-ve-etkinlikleri-de"],"acf":[],"_links":{"self":[{"href":"https:\/\/www.alkev.k12.tr\/de\/wp-json\/wp\/v2\/posts\/66291","targetHints":{"allow":["GET"]}}],"collection":[{"href":"https:\/\/www.alkev.k12.tr\/de\/wp-json\/wp\/v2\/posts"}],"about":[{"href":"https:\/\/www.alkev.k12.tr\/de\/wp-json\/wp\/v2\/types\/post"}],"author":[{"embeddable":true,"href":"https:\/\/www.alkev.k12.tr\/de\/wp-json\/wp\/v2\/users\/2"}],"replies":[{"embeddable":true,"href":"https:\/\/www.alkev.k12.tr\/de\/wp-json\/wp\/v2\/comments?post=66291"}],"version-history":[{"count":0,"href":"https:\/\/www.alkev.k12.tr\/de\/wp-json\/wp\/v2\/posts\/66291\/revisions"}],"wp:featuredmedia":[{"embeddable":true,"href":"https:\/\/www.alkev.k12.tr\/de\/wp-json\/wp\/v2\/media\/66294"}],"wp:attachment":[{"href":"https:\/\/www.alkev.k12.tr\/de\/wp-json\/wp\/v2\/media?parent=66291"}],"wp:term":[{"taxonomy":"category","embeddable":true,"href":"https:\/\/www.alkev.k12.tr\/de\/wp-json\/wp\/v2\/categories?post=66291"},{"taxonomy":"post_tag","embeddable":true,"href":"https:\/\/www.alkev.k12.tr\/de\/wp-json\/wp\/v2\/tags?post=66291"}],"curies":[{"name":"wp","href":"https:\/\/api.w.org\/{rel}","templated":true}]}}